{"id":3765,"date":"2018-06-02T15:46:07","date_gmt":"2018-06-02T15:46:07","guid":{"rendered":"https:\/\/mellaouismail.com\/ar\/?p=3765"},"modified":"2021-12-09T15:47:05","modified_gmt":"2021-12-09T15:47:05","slug":"reflexion-sur-une-eventuelle-extension-de-la-maison-de-la-culture","status":"publish","type":"post","link":"https:\/\/mellaouismail.com\/ar\/reflexion-sur-une-eventuelle-extension-de-la-maison-de-la-culture\/","title":{"rendered":"R\u00e9flexion sur une \u00e9ventuelle extension de la Maison de la Culture"},"content":{"rendered":"","protected":false},"excerpt":{"rendered":"","protected":false},"author":1,"featured_media":0,"comment_status":"open","ping_status":"open","sticky":false,"template":"","format":"standard","meta":{"site-sidebar-layout":"default","site-content-layout":"default","ast-site-content-layout":"default","site-content-style":"default","site-sidebar-style":"default","ast-global-header-display":"","ast-banner-title-visibility":"","ast-main-header-display":"","ast-hfb-above-header-display":"","ast-hfb-below-header-display":"","ast-hfb-mobile-header-display":"","site-post-title":"disabled","ast-breadcrumbs-content":"","ast-featured-img":"disabled","footer-sml-layout":"","ast-disable-related-posts":"","theme-transparent-header-meta":"default","adv-header-id-meta":"","stick-header-meta":"","header-above-stick-meta":"","header-main-stick-meta":"","header-below-stick-meta":"","astra-migrate-meta-layouts":"default","ast-page-background-enabled":"default","ast-page-background-meta":{"desktop":{"background-color":"","background-image":"","background-repeat":"repeat","background-position":"center center","background-size":"auto","background-attachment":"scroll","background-type":"","background-media":"","overlay-type":"","overlay-color":"","overlay-opacity":"","overlay-gradient":""},"tablet":{"background-color":"","background-image":"","background-repeat":"repeat","background-position":"center center","background-size":"auto","background-attachment":"scroll","background-type":"","background-media":"","overlay-type":"","overlay-color":"","overlay-opacity":"","overlay-gradient":""},"mobile":{"background-color":"","background-image":"","background-repeat":"repeat","background-position":"center center","background-size":"auto","background-attachment":"scroll","background-type":"","background-media":"","overlay-type":"","overlay-color":"","overlay-opacity":"","overlay-gradient":""}},"ast-content-background-meta":{"desktop":{"background-color":"var(--ast-global-color-5)","background-image":"","background-repeat":"repeat","background-position":"center center","background-size":"auto","background-attachment":"scroll","background-type":"","background-media":"","overlay-type":"","overlay-color":"","overlay-opacity":"","overlay-gradient":""},"tablet":{"background-color":"var(--ast-global-color-5)","background-image":"","background-repeat":"repeat","background-position":"center center","background-size":"auto","background-attachment":"scroll","background-type":"","background-media":"","overlay-type":"","overlay-color":"","overlay-opacity":"","overlay-gradient":""},"mobile":{"background-color":"var(--ast-global-color-5)","background-image":"","background-repeat":"repeat","background-position":"center center","background-size":"auto","background-attachment":"scroll","background-type":"","background-media":"","overlay-type":"","overlay-color":"","overlay-opacity":"","overlay-gradient":""}},"footnotes":""},"categories":[15],"tags":[],"class_list":["post-3765","post","type-post","status-publish","format-standard","hentry","category-architecture-culturelle"],"yoast_head":"<!-- This site is optimized with the Yoast SEO plugin v27.5 - https:\/\/yoast.com\/product\/yoast-seo-wordpress\/ -->\n<title>R\u00e9flexion sur une \u00e9ventuelle extension de la Maison de la Culture - \u0645\u0644\u0627\u0651\u0648\u064a \u0625\u0633\u0645\u0627\u0639\u064a\u0644 \u0645\u0647\u0646\u062f\u0633 \u0645\u0639\u0645\u0627\u0631\u064a<\/title>\n<meta name=\"description\" content=\"R\u00e9flexion sur une \u00e9ventuelle extension de la Maison de la Culture - Mellaoui Smail Architecte Alg\u00e9rien install\u00e9 \u00e0 Batna, Alg\u00e9rie. \u0152uvrant pour une architecture Alg\u00e9rienne Contemporaine et contextuelle.\" \/>\n<meta name=\"robots\" content=\"index, follow, max-snippet:-1, max-image-preview:large, max-video-preview:-1\" \/>\n<link rel=\"canonical\" href=\"https:\/\/mellaouismail.com\/ar\/reflexion-sur-une-eventuelle-extension-de-la-maison-de-la-culture\/\" \/>\n<meta property=\"og:locale\" content=\"ar_AR\" \/>\n<meta property=\"og:type\" content=\"article\" \/>\n<meta property=\"og:title\" content=\"R\u00e9flexion sur une \u00e9ventuelle extension de la Maison de la Culture - \u0645\u0644\u0627\u0651\u0648\u064a \u0625\u0633\u0645\u0627\u0639\u064a\u0644 \u0645\u0647\u0646\u062f\u0633 \u0645\u0639\u0645\u0627\u0631\u064a\" \/>\n<meta property=\"og:description\" content=\"R\u00e9flexion sur une \u00e9ventuelle extension de la Maison de la Culture - Mellaoui Smail Architecte Alg\u00e9rien install\u00e9 \u00e0 Batna, Alg\u00e9rie. \u0152uvrant pour une architecture Alg\u00e9rienne Contemporaine et contextuelle.\" \/>\n<meta property=\"og:url\" content=\"https:\/\/mellaouismail.com\/ar\/reflexion-sur-une-eventuelle-extension-de-la-maison-de-la-culture\/\" \/>\n<meta property=\"og:site_name\" content=\"\u0645\u0644\u0627\u0651\u0648\u064a \u0625\u0633\u0645\u0627\u0639\u064a\u0644 \u0645\u0647\u0646\u062f\u0633 \u0645\u0639\u0645\u0627\u0631\u064a\" \/>\n<meta property=\"article:publisher\" content=\"https:\/\/www.facebook.com\/MellaouiSmailArchitecte\" \/>\n<meta property=\"article:author\" content=\"https:\/\/www.facebook.com\/MellaouiSmailArchitecte\" \/>\n<meta property=\"article:published_time\" content=\"2018-06-02T15:46:07+00:00\" \/>\n<meta property=\"article:modified_time\" content=\"2021-12-09T15:47:05+00:00\" \/>\n<meta property=\"og:image\" content=\"https:\/\/mellaouismail.com\/ar\/wp-content\/uploads\/2021\/12\/MELLAOUI-SMAIL-SIGNATURE-FR-n300.png\" \/>\n\t<meta property=\"og:image:width\" content=\"300\" \/>\n\t<meta property=\"og:image:height\" content=\"134\" \/>\n\t<meta property=\"og:image:type\" content=\"image\/png\" \/>\n<meta name=\"author\" content=\"\u0645\u0644\u0627\u0651\u0648\u064a \u0625\u0633\u0645\u0627\u0639\u064a\u0644\" \/>\n<meta name=\"twitter:card\" content=\"summary_large_image\" \/>\n<meta name=\"twitter:creator\" content=\"@samli222\" \/>\n<meta name=\"twitter:site\" content=\"@samli222\" \/>\n<meta name=\"twitter:label1\" content=\"\u0643\u064f\u062a\u0628 \u0628\u0648\u0627\u0633\u0637\u0629\" \/>\n\t<meta name=\"twitter:data1\" content=\"\u0645\u0644\u0627\u0651\u0648\u064a \u0625\u0633\u0645\u0627\u0639\u064a\u0644\" \/>\n<script type=\"application\/ld+json\" class=\"yoast-schema-graph\">{\"@context\":\"https:\\\/\\\/schema.org\",\"@graph\":[{\"@type\":\"Article\",\"@id\":\"https:\\\/\\\/mellaouismail.com\\\/ar\\\/reflexion-sur-une-eventuelle-extension-de-la-maison-de-la-culture\\\/#article\",\"isPartOf\":{\"@id\":\"https:\\\/\\\/mellaouismail.com\\\/ar\\\/reflexion-sur-une-eventuelle-extension-de-la-maison-de-la-culture\\\/\"},\"author\":{\"name\":\"\u0645\u0644\u0627\u0651\u0648\u064a \u0625\u0633\u0645\u0627\u0639\u064a\u0644\",\"@id\":\"https:\\\/\\\/mellaouismail.com\\\/ar\\\/#\\\/schema\\\/person\\\/76fa7aa485d52960e87f263b83e95214\"},\"headline\":\"R\u00e9flexion sur une \u00e9ventuelle extension de la Maison de la Culture\",\"datePublished\":\"2018-06-02T15:46:07+00:00\",\"dateModified\":\"2021-12-09T15:47:05+00:00\",\"mainEntityOfPage\":{\"@id\":\"https:\\\/\\\/mellaouismail.com\\\/ar\\\/reflexion-sur-une-eventuelle-extension-de-la-maison-de-la-culture\\\/\"},\"wordCount\":12,\"commentCount\":0,\"publisher\":{\"@id\":\"https:\\\/\\\/mellaouismail.com\\\/ar\\\/#\\\/schema\\\/person\\\/76fa7aa485d52960e87f263b83e95214\"},\"articleSection\":[\"\u0627\u0644\u0639\u0645\u0627\u0631\u0629 \u0627\u0644\u062b\u0642\u0627\u0641\u064a\u0629\"],\"inLanguage\":\"ar\",\"potentialAction\":[{\"@type\":\"CommentAction\",\"name\":\"Comment\",\"target\":[\"https:\\\/\\\/mellaouismail.com\\\/ar\\\/reflexion-sur-une-eventuelle-extension-de-la-maison-de-la-culture\\\/#respond\"]}]},{\"@type\":\"WebPage\",\"@id\":\"https:\\\/\\\/mellaouismail.com\\\/ar\\\/reflexion-sur-une-eventuelle-extension-de-la-maison-de-la-culture\\\/\",\"url\":\"https:\\\/\\\/mellaouismail.com\\\/ar\\\/reflexion-sur-une-eventuelle-extension-de-la-maison-de-la-culture\\\/\",\"name\":\"R\u00e9flexion sur une \u00e9ventuelle extension de la Maison de la Culture - \u0645\u0644\u0627\u0651\u0648\u064a \u0625\u0633\u0645\u0627\u0639\u064a\u0644 \u0645\u0647\u0646\u062f\u0633 \u0645\u0639\u0645\u0627\u0631\u064a\",\"isPartOf\":{\"@id\":\"https:\\\/\\\/mellaouismail.com\\\/ar\\\/#website\"},\"datePublished\":\"2018-06-02T15:46:07+00:00\",\"dateModified\":\"2021-12-09T15:47:05+00:00\",\"description\":\"R\u00e9flexion sur une \u00e9ventuelle extension de la Maison de la Culture - Mellaoui Smail Architecte Alg\u00e9rien install\u00e9 \u00e0 Batna, Alg\u00e9rie. \u0152uvrant pour une architecture Alg\u00e9rienne Contemporaine et contextuelle.\",\"breadcrumb\":{\"@id\":\"https:\\\/\\\/mellaouismail.com\\\/ar\\\/reflexion-sur-une-eventuelle-extension-de-la-maison-de-la-culture\\\/#breadcrumb\"},\"inLanguage\":\"ar\",\"potentialAction\":[{\"@type\":\"ReadAction\",\"target\":[\"https:\\\/\\\/mellaouismail.com\\\/ar\\\/reflexion-sur-une-eventuelle-extension-de-la-maison-de-la-culture\\\/\"]}]},{\"@type\":\"BreadcrumbList\",\"@id\":\"https:\\\/\\\/mellaouismail.com\\\/ar\\\/reflexion-sur-une-eventuelle-extension-de-la-maison-de-la-culture\\\/#breadcrumb\",\"itemListElement\":[{\"@type\":\"ListItem\",\"position\":1,\"name\":\"Accueil\",\"item\":\"https:\\\/\\\/mellaouismail.com\\\/ar\\\/\"},{\"@type\":\"ListItem\",\"position\":2,\"name\":\"\u0627\u0644\u0639\u0645\u0627\u0631\u0629 \u0627\u0644\u062b\u0642\u0627\u0641\u064a\u0629\",\"item\":\"https:\\\/\\\/mellaouismail.com\\\/ar\\\/category\\\/architecture-culturelle\\\/\"},{\"@type\":\"ListItem\",\"position\":3,\"name\":\"R\u00e9flexion sur une \u00e9ventuelle extension de la Maison de la Culture\"}]},{\"@type\":\"WebSite\",\"@id\":\"https:\\\/\\\/mellaouismail.com\\\/ar\\\/#website\",\"url\":\"https:\\\/\\\/mellaouismail.com\\\/ar\\\/\",\"name\":\"\u0645\u0644\u0627\u0651\u0648\u064a \u0625\u0633\u0645\u0627\u0639\u064a\u0644 \u0645\u0647\u0646\u062f\u0633 \u0645\u0639\u0645\u0627\u0631\u064a\",\"description\":\"\u0645\u0646 \u0623\u062c\u0644 \u0647\u0646\u062f\u0633\u0629 \u0645\u0639\u0645\u0627\u0631\u064a\u0629 \u062c\u0632\u0627\u0626\u0631\u064a\u0629 \u0645\u0639\u0627\u0635\u0631\u0629\",\"publisher\":{\"@id\":\"https:\\\/\\\/mellaouismail.com\\\/ar\\\/#\\\/schema\\\/person\\\/76fa7aa485d52960e87f263b83e95214\"},\"potentialAction\":[{\"@type\":\"SearchAction\",\"target\":{\"@type\":\"EntryPoint\",\"urlTemplate\":\"https:\\\/\\\/mellaouismail.com\\\/ar\\\/?s={search_term_string}\"},\"query-input\":{\"@type\":\"PropertyValueSpecification\",\"valueRequired\":true,\"valueName\":\"search_term_string\"}}],\"inLanguage\":\"ar\"},{\"@type\":[\"Person\",\"Organization\"],\"@id\":\"https:\\\/\\\/mellaouismail.com\\\/ar\\\/#\\\/schema\\\/person\\\/76fa7aa485d52960e87f263b83e95214\",\"name\":\"\u0645\u0644\u0627\u0651\u0648\u064a \u0625\u0633\u0645\u0627\u0639\u064a\u0644\",\"image\":{\"@type\":\"ImageObject\",\"inLanguage\":\"ar\",\"@id\":\"https:\\\/\\\/mellaouismail.com\\\/ar\\\/wp-content\\\/uploads\\\/2021\\\/12\\\/MELLAOUI-SMAIL-SIGNATURE-FR-n300.png\",\"url\":\"https:\\\/\\\/mellaouismail.com\\\/ar\\\/wp-content\\\/uploads\\\/2021\\\/12\\\/MELLAOUI-SMAIL-SIGNATURE-FR-n300.png\",\"contentUrl\":\"https:\\\/\\\/mellaouismail.com\\\/ar\\\/wp-content\\\/uploads\\\/2021\\\/12\\\/MELLAOUI-SMAIL-SIGNATURE-FR-n300.png\",\"width\":300,\"height\":134,\"caption\":\"\u0645\u0644\u0627\u0651\u0648\u064a \u0625\u0633\u0645\u0627\u0639\u064a\u0644\"},\"logo\":{\"@id\":\"https:\\\/\\\/mellaouismail.com\\\/ar\\\/wp-content\\\/uploads\\\/2021\\\/12\\\/MELLAOUI-SMAIL-SIGNATURE-FR-n300.png\"},\"description\":\"\u0645\u0647\u0646\u062f\u0633 \u0645\u0639\u0645\u0627\u0631\u064a\u060c \u0648\u0644\u062f \u0641\u064a \u0623\u0631\u064a\u0633 \u0648\u0644\u0627\u064a\u0629 \u0628\u0627\u062a\u0646\u0629 \u0641\u064a \u0627\u0644\u062c\u0632\u0627\u0626\u0631 \u0641\u064a 05 \u0623\u0648\u062a 1970\u060c \u0623\u0634\u062a\u063a\u0644 \u0644\u062d\u0633\u0627\u0628\u064a \u0627\u0644\u062e\u0627\u0635 \u0645\u0646\u0630 \u0633\u0646\u0629 1998\u060c \u0623\u0639\u0645\u0644 \u0645\u0646 \u0623\u062c\u0644 \u0639\u0645\u0627\u0631\u0629 \u062c\u0632\u0627\u0626\u0631\u064a\u0629 \u0645\u0639\u0627\u0635\u0631\u0629 \u0648\u0633\u064a\u0627\u0642\u064a\u0629. \u062d\u0627\u0626\u0632 \u0639\u0644\u0649 \u0627\u0644\u062c\u0627\u0626\u0632\u0629 \u0627\u0644\u0648\u0637\u0646\u064a\u0629 \u0644\u0644\u0647\u0646\u062f\u0633\u0629 \u0627\u0644\u0645\u0639\u0645\u0627\u0631\u064a\u0629 \u0648\u0627\u0644\u062a\u0639\u0645\u064a\u0631 \u0645\u0631\u062a\u064a\u0646\",\"sameAs\":[\"https:\\\/\\\/mellaouismail.com\\\/ar\",\"https:\\\/\\\/www.facebook.com\\\/MellaouiSmailArchitecte\",\"https:\\\/\\\/www.instagram.com\\\/mellaouismail\\\/?hl=fr\",\"https:\\\/\\\/www.linkedin.com\\\/in\\\/smail-mellaoui-15717041\\\/\",\"https:\\\/\\\/www.pinterest.ie\\\/mellaouis\\\/\",\"https:\\\/\\\/x.com\\\/samli222\",\"https:\\\/\\\/www.youtube.com\\\/c\\\/SmailMellaoui\"],\"url\":\"https:\\\/\\\/mellaouismail.com\\\/ar\\\/author\\\/samli\\\/\"}]}<\/script>\n<!-- \/ Yoast SEO plugin. -->","yoast_head_json":{"title":"R\u00e9flexion sur une \u00e9ventuelle extension de la Maison de la Culture - \u0645\u0644\u0627\u0651\u0648\u064a \u0625\u0633\u0645\u0627\u0639\u064a\u0644 \u0645\u0647\u0646\u062f\u0633 \u0645\u0639\u0645\u0627\u0631\u064a","description":"R\u00e9flexion sur une \u00e9ventuelle extension de la Maison de la Culture - Mellaoui Smail Architecte Alg\u00e9rien install\u00e9 \u00e0 Batna, Alg\u00e9rie. \u0152uvrant pour une architecture Alg\u00e9rienne Contemporaine et contextuelle.","robots":{"index":"index","follow":"follow","max-snippet":"max-snippet:-1","max-image-preview":"max-image-preview:large","max-video-preview":"max-video-preview:-1"},"canonical":"https:\/\/mellaouismail.com\/ar\/reflexion-sur-une-eventuelle-extension-de-la-maison-de-la-culture\/","og_locale":"ar_AR","og_type":"article","og_title":"R\u00e9flexion sur une \u00e9ventuelle extension de la Maison de la Culture - \u0645\u0644\u0627\u0651\u0648\u064a \u0625\u0633\u0645\u0627\u0639\u064a\u0644 \u0645\u0647\u0646\u062f\u0633 \u0645\u0639\u0645\u0627\u0631\u064a","og_description":"R\u00e9flexion sur une \u00e9ventuelle extension de la Maison de la Culture - Mellaoui Smail Architecte Alg\u00e9rien install\u00e9 \u00e0 Batna, Alg\u00e9rie. \u0152uvrant pour une architecture Alg\u00e9rienne Contemporaine et contextuelle.","og_url":"https:\/\/mellaouismail.com\/ar\/reflexion-sur-une-eventuelle-extension-de-la-maison-de-la-culture\/","og_site_name":"\u0645\u0644\u0627\u0651\u0648\u064a \u0625\u0633\u0645\u0627\u0639\u064a\u0644 \u0645\u0647\u0646\u062f\u0633 \u0645\u0639\u0645\u0627\u0631\u064a","article_publisher":"https:\/\/www.facebook.com\/MellaouiSmailArchitecte","article_author":"https:\/\/www.facebook.com\/MellaouiSmailArchitecte","article_published_time":"2018-06-02T15:46:07+00:00","article_modified_time":"2021-12-09T15:47:05+00:00","og_image":[{"width":300,"height":134,"url":"https:\/\/mellaouismail.com\/ar\/wp-content\/uploads\/2021\/12\/MELLAOUI-SMAIL-SIGNATURE-FR-n300.png","type":"image\/png"}],"author":"\u0645\u0644\u0627\u0651\u0648\u064a \u0625\u0633\u0645\u0627\u0639\u064a\u0644","twitter_card":"summary_large_image","twitter_creator":"@samli222","twitter_site":"@samli222","twitter_misc":{"\u0643\u064f\u062a\u0628 \u0628\u0648\u0627\u0633\u0637\u0629":"\u0645\u0644\u0627\u0651\u0648\u064a \u0625\u0633\u0645\u0627\u0639\u064a\u0644"},"schema":{"@context":"https:\/\/schema.org","@graph":[{"@type":"Article","@id":"https:\/\/mellaouismail.com\/ar\/reflexion-sur-une-eventuelle-extension-de-la-maison-de-la-culture\/#article","isPartOf":{"@id":"https:\/\/mellaouismail.com\/ar\/reflexion-sur-une-eventuelle-extension-de-la-maison-de-la-culture\/"},"author":{"name":"\u0645\u0644\u0627\u0651\u0648\u064a \u0625\u0633\u0645\u0627\u0639\u064a\u0644","@id":"https:\/\/mellaouismail.com\/ar\/#\/schema\/person\/76fa7aa485d52960e87f263b83e95214"},"headline":"R\u00e9flexion sur une \u00e9ventuelle extension de la Maison de la Culture","datePublished":"2018-06-02T15:46:07+00:00","dateModified":"2021-12-09T15:47:05+00:00","mainEntityOfPage":{"@id":"https:\/\/mellaouismail.com\/ar\/reflexion-sur-une-eventuelle-extension-de-la-maison-de-la-culture\/"},"wordCount":12,"commentCount":0,"publisher":{"@id":"https:\/\/mellaouismail.com\/ar\/#\/schema\/person\/76fa7aa485d52960e87f263b83e95214"},"articleSection":["\u0627\u0644\u0639\u0645\u0627\u0631\u0629 \u0627\u0644\u062b\u0642\u0627\u0641\u064a\u0629"],"inLanguage":"ar","potentialAction":[{"@type":"CommentAction","name":"Comment","target":["https:\/\/mellaouismail.com\/ar\/reflexion-sur-une-eventuelle-extension-de-la-maison-de-la-culture\/#respond"]}]},{"@type":"WebPage","@id":"https:\/\/mellaouismail.com\/ar\/reflexion-sur-une-eventuelle-extension-de-la-maison-de-la-culture\/","url":"https:\/\/mellaouismail.com\/ar\/reflexion-sur-une-eventuelle-extension-de-la-maison-de-la-culture\/","name":"R\u00e9flexion sur une \u00e9ventuelle extension de la Maison de la Culture - \u0645\u0644\u0627\u0651\u0648\u064a \u0625\u0633\u0645\u0627\u0639\u064a\u0644 \u0645\u0647\u0646\u062f\u0633 \u0645\u0639\u0645\u0627\u0631\u064a","isPartOf":{"@id":"https:\/\/mellaouismail.com\/ar\/#website"},"datePublished":"2018-06-02T15:46:07+00:00","dateModified":"2021-12-09T15:47:05+00:00","description":"R\u00e9flexion sur une \u00e9ventuelle extension de la Maison de la Culture - Mellaoui Smail Architecte Alg\u00e9rien install\u00e9 \u00e0 Batna, Alg\u00e9rie. \u0152uvrant pour une architecture Alg\u00e9rienne Contemporaine et contextuelle.","breadcrumb":{"@id":"https:\/\/mellaouismail.com\/ar\/reflexion-sur-une-eventuelle-extension-de-la-maison-de-la-culture\/#breadcrumb"},"inLanguage":"ar","potentialAction":[{"@type":"ReadAction","target":["https:\/\/mellaouismail.com\/ar\/reflexion-sur-une-eventuelle-extension-de-la-maison-de-la-culture\/"]}]},{"@type":"BreadcrumbList","@id":"https:\/\/mellaouismail.com\/ar\/reflexion-sur-une-eventuelle-extension-de-la-maison-de-la-culture\/#breadcrumb","itemListElement":[{"@type":"ListItem","position":1,"name":"Accueil","item":"https:\/\/mellaouismail.com\/ar\/"},{"@type":"ListItem","position":2,"name":"\u0627\u0644\u0639\u0645\u0627\u0631\u0629 \u0627\u0644\u062b\u0642\u0627\u0641\u064a\u0629","item":"https:\/\/mellaouismail.com\/ar\/category\/architecture-culturelle\/"},{"@type":"ListItem","position":3,"name":"R\u00e9flexion sur une \u00e9ventuelle extension de la Maison de la Culture"}]},{"@type":"WebSite","@id":"https:\/\/mellaouismail.com\/ar\/#website","url":"https:\/\/mellaouismail.com\/ar\/","name":"\u0645\u0644\u0627\u0651\u0648\u064a \u0625\u0633\u0645\u0627\u0639\u064a\u0644 \u0645\u0647\u0646\u062f\u0633 \u0645\u0639\u0645\u0627\u0631\u064a","description":"\u0645\u0646 \u0623\u062c\u0644 \u0647\u0646\u062f\u0633\u0629 \u0645\u0639\u0645\u0627\u0631\u064a\u0629 \u062c\u0632\u0627\u0626\u0631\u064a\u0629 \u0645\u0639\u0627\u0635\u0631\u0629","publisher":{"@id":"https:\/\/mellaouismail.com\/ar\/#\/schema\/person\/76fa7aa485d52960e87f263b83e95214"},"potentialAction":[{"@type":"SearchAction","target":{"@type":"EntryPoint","urlTemplate":"https:\/\/mellaouismail.com\/ar\/?s={search_term_string}"},"query-input":{"@type":"PropertyValueSpecification","valueRequired":true,"valueName":"search_term_string"}}],"inLanguage":"ar"},{"@type":["Person","Organization"],"@id":"https:\/\/mellaouismail.com\/ar\/#\/schema\/person\/76fa7aa485d52960e87f263b83e95214","name":"\u0645\u0644\u0627\u0651\u0648\u064a \u0625\u0633\u0645\u0627\u0639\u064a\u0644","image":{"@type":"ImageObject","inLanguage":"ar","@id":"https:\/\/mellaouismail.com\/ar\/wp-content\/uploads\/2021\/12\/MELLAOUI-SMAIL-SIGNATURE-FR-n300.png","url":"https:\/\/mellaouismail.com\/ar\/wp-content\/uploads\/2021\/12\/MELLAOUI-SMAIL-SIGNATURE-FR-n300.png","contentUrl":"https:\/\/mellaouismail.com\/ar\/wp-content\/uploads\/2021\/12\/MELLAOUI-SMAIL-SIGNATURE-FR-n300.png","width":300,"height":134,"caption":"\u0645\u0644\u0627\u0651\u0648\u064a \u0625\u0633\u0645\u0627\u0639\u064a\u0644"},"logo":{"@id":"https:\/\/mellaouismail.com\/ar\/wp-content\/uploads\/2021\/12\/MELLAOUI-SMAIL-SIGNATURE-FR-n300.png"},"description":"\u0645\u0647\u0646\u062f\u0633 \u0645\u0639\u0645\u0627\u0631\u064a\u060c \u0648\u0644\u062f \u0641\u064a \u0623\u0631\u064a\u0633 \u0648\u0644\u0627\u064a\u0629 \u0628\u0627\u062a\u0646\u0629 \u0641\u064a \u0627\u0644\u062c\u0632\u0627\u0626\u0631 \u0641\u064a 05 \u0623\u0648\u062a 1970\u060c \u0623\u0634\u062a\u063a\u0644 \u0644\u062d\u0633\u0627\u0628\u064a \u0627\u0644\u062e\u0627\u0635 \u0645\u0646\u0630 \u0633\u0646\u0629 1998\u060c \u0623\u0639\u0645\u0644 \u0645\u0646 \u0623\u062c\u0644 \u0639\u0645\u0627\u0631\u0629 \u062c\u0632\u0627\u0626\u0631\u064a\u0629 \u0645\u0639\u0627\u0635\u0631\u0629 \u0648\u0633\u064a\u0627\u0642\u064a\u0629. \u062d\u0627\u0626\u0632 \u0639\u0644\u0649 \u0627\u0644\u062c\u0627\u0626\u0632\u0629 \u0627\u0644\u0648\u0637\u0646\u064a\u0629 \u0644\u0644\u0647\u0646\u062f\u0633\u0629 \u0627\u0644\u0645\u0639\u0645\u0627\u0631\u064a\u0629 \u0648\u0627\u0644\u062a\u0639\u0645\u064a\u0631 \u0645\u0631\u062a\u064a\u0646","sameAs":["https:\/\/mellaouismail.com\/ar","https:\/\/www.facebook.com\/MellaouiSmailArchitecte","https:\/\/www.instagram.com\/mellaouismail\/?hl=fr","https:\/\/www.linkedin.com\/in\/smail-mellaoui-15717041\/","https:\/\/www.pinterest.ie\/mellaouis\/","https:\/\/x.com\/samli222","https:\/\/www.youtube.com\/c\/SmailMellaoui"],"url":"https:\/\/mellaouismail.com\/ar\/author\/samli\/"}]}},"_links":{"self":[{"href":"https:\/\/mellaouismail.com\/ar\/wp-json\/wp\/v2\/posts\/3765","targetHints":{"allow":["GET"]}}],"collection":[{"href":"https:\/\/mellaouismail.com\/ar\/wp-json\/wp\/v2\/posts"}],"about":[{"href":"https:\/\/mellaouismail.com\/ar\/wp-json\/wp\/v2\/types\/post"}],"author":[{"embeddable":true,"href":"https:\/\/mellaouismail.com\/ar\/wp-json\/wp\/v2\/users\/1"}],"replies":[{"embeddable":true,"href":"https:\/\/mellaouismail.com\/ar\/wp-json\/wp\/v2\/comments?post=3765"}],"version-history":[{"count":0,"href":"https:\/\/mellaouismail.com\/ar\/wp-json\/wp\/v2\/posts\/3765\/revisions"}],"wp:attachment":[{"href":"https:\/\/mellaouismail.com\/ar\/wp-json\/wp\/v2\/media?parent=3765"}],"wp:term":[{"taxonomy":"category","embeddable":true,"href":"https:\/\/mellaouismail.com\/ar\/wp-json\/wp\/v2\/categories?post=3765"},{"taxonomy":"post_tag","embeddable":true,"href":"https:\/\/mellaouismail.com\/ar\/wp-json\/wp\/v2\/tags?post=3765"}],"curies":[{"name":"wp","href":"https:\/\/api.w.org\/{rel}","templated":true}]}}