{"id":3463,"date":"2018-11-03T09:39:31","date_gmt":"2018-11-03T09:39:31","guid":{"rendered":"https:\/\/mellaouismail.com\/ar\/?p=3463"},"modified":"2021-12-05T12:34:56","modified_gmt":"2021-12-05T12:34:56","slug":"journee-scientifique-au-departement-darchitecture-de-batna","status":"publish","type":"post","link":"https:\/\/mellaouismail.com\/ar\/journee-scientifique-au-departement-darchitecture-de-batna\/","title":{"rendered":"Journ\u00e9e scientifique au d\u00e9partement d&#8217;architecture de Batna"},"content":{"rendered":"<div class=\"kvgmc6g5 cxmmr5t8 oygrvhab hcukyx3x c1et5uql ii04i59q\">\n<div dir=\"auto\">Professeurs et \u00c9tudiants du d\u00e9partement d\u2019architecture de Batna et de Constantine nous vous remercions pour votre invitation pour participer \u00e0 la journ\u00e9e scientifique du 03 juin 2014 qui nous a ravi, et pour l\u2019accueil chaleureux que vous nous avez r\u00e9serv\u00e9. Sachez que nous en sommes honor\u00e9s.<\/div>\n<div dir=\"auto\">Smail Mellaoui et Loun\u00e8s Messaoudi<\/div>\n<div dir=\"auto\">architectes<\/div>\n<\/div>\n","protected":false},"excerpt":{"rendered":"<p>Professeurs et \u00c9tudiants du d\u00e9partement d\u2019architecture de Batna et de Constantine nous vous remercions pour votre invitation pour participer \u00e0 la journ\u00e9e scientifique du 03 juin 2014 qui nous a ravi, et pour l\u2019accueil chaleureux que vous nous avez r\u00e9serv\u00e9. Sachez que nous en sommes honor\u00e9s. Smail Mellaoui et Loun\u00e8s Messaoudi architectes<\/p>\n","protected":false},"author":1,"featured_media":3464,"comment_status":"open","ping_status":"open","sticky":false,"template":"","format":"standard","meta":{"site-sidebar-layout":"default","site-content-layout":"default","ast-site-content-layout":"default","site-content-style":"default","site-sidebar-style":"default","ast-global-header-display":"","ast-banner-title-visibility":"","ast-main-header-display":"","ast-hfb-above-header-display":"","ast-hfb-below-header-display":"","ast-hfb-mobile-header-display":"","site-post-title":"disabled","ast-breadcrumbs-content":"","ast-featured-img":"disabled","footer-sml-layout":"","ast-disable-related-posts":"","theme-transparent-header-meta":"default","adv-header-id-meta":"","stick-header-meta":"","header-above-stick-meta":"","header-main-stick-meta":"","header-below-stick-meta":"","astra-migrate-meta-layouts":"default","ast-page-background-enabled":"default","ast-page-background-meta":{"desktop":{"background-color":"","background-image":"","background-repeat":"repeat","background-position":"center center","background-size":"auto","background-attachment":"scroll","background-type":"","background-media":"","overlay-type":"","overlay-color":"","overlay-opacity":"","overlay-gradient":""},"tablet":{"background-color":"","background-image":"","background-repeat":"repeat","background-position":"center center","background-size":"auto","background-attachment":"scroll","background-type":"","background-media":"","overlay-type":"","overlay-color":"","overlay-opacity":"","overlay-gradient":""},"mobile":{"background-color":"","background-image":"","background-repeat":"repeat","background-position":"center center","background-size":"auto","background-attachment":"scroll","background-type":"","background-media":"","overlay-type":"","overlay-color":"","overlay-opacity":"","overlay-gradient":""}},"ast-content-background-meta":{"desktop":{"background-color":"var(--ast-global-color-5)","background-image":"","background-repeat":"repeat","background-position":"center center","background-size":"auto","background-attachment":"scroll","background-type":"","background-media":"","overlay-type":"","overlay-color":"","overlay-opacity":"","overlay-gradient":""},"tablet":{"background-color":"var(--ast-global-color-5)","background-image":"","background-repeat":"repeat","background-position":"center center","background-size":"auto","background-attachment":"scroll","background-type":"","background-media":"","overlay-type":"","overlay-color":"","overlay-opacity":"","overlay-gradient":""},"mobile":{"background-color":"var(--ast-global-color-5)","background-image":"","background-repeat":"repeat","background-position":"center center","background-size":"auto","background-attachment":"scroll","background-type":"","background-media":"","overlay-type":"","overlay-color":"","overlay-opacity":"","overlay-gradient":""}},"footnotes":""},"categories":[39],"tags":[],"class_list":["post-3463","post","type-post","status-publish","format-standard","has-post-thumbnail","hentry","category-conferences"],"yoast_head":"<!-- This site is optimized with the Yoast SEO plugin v27.5 - https:\/\/yoast.com\/product\/yoast-seo-wordpress\/ -->\n<title>Journ\u00e9e scientifique au d\u00e9partement d&#039;architecture de Batna - \u0645\u0644\u0627\u0651\u0648\u064a \u0625\u0633\u0645\u0627\u0639\u064a\u0644 \u0645\u0647\u0646\u062f\u0633 \u0645\u0639\u0645\u0627\u0631\u064a<\/title>\n<meta name=\"description\" content=\"Journ\u00e9e scientifique au d\u00e9partement d&#039;architecture de Batna - Mellaoui Smail Architecte Alg\u00e9rien install\u00e9 \u00e0 Batna, Alg\u00e9rie. \u0152uvrant pour une architecture Alg\u00e9rienne Contemporaine et contextuelle.\" \/>\n<meta name=\"robots\" content=\"index, follow, max-snippet:-1, max-image-preview:large, max-video-preview:-1\" \/>\n<link rel=\"canonical\" href=\"https:\/\/mellaouismail.com\/ar\/journee-scientifique-au-departement-darchitecture-de-batna\/\" \/>\n<meta property=\"og:locale\" content=\"ar_AR\" \/>\n<meta property=\"og:type\" content=\"article\" \/>\n<meta property=\"og:title\" content=\"Journ\u00e9e scientifique au d\u00e9partement d&#039;architecture de Batna - \u0645\u0644\u0627\u0651\u0648\u064a \u0625\u0633\u0645\u0627\u0639\u064a\u0644 \u0645\u0647\u0646\u062f\u0633 \u0645\u0639\u0645\u0627\u0631\u064a\" \/>\n<meta property=\"og:description\" content=\"Journ\u00e9e scientifique au d\u00e9partement d&#039;architecture de Batna - Mellaoui Smail Architecte Alg\u00e9rien install\u00e9 \u00e0 Batna, Alg\u00e9rie. \u0152uvrant pour une architecture Alg\u00e9rienne Contemporaine et contextuelle.\" \/>\n<meta property=\"og:url\" content=\"https:\/\/mellaouismail.com\/ar\/journee-scientifique-au-departement-darchitecture-de-batna\/\" \/>\n<meta property=\"og:site_name\" content=\"\u0645\u0644\u0627\u0651\u0648\u064a \u0625\u0633\u0645\u0627\u0639\u064a\u0644 \u0645\u0647\u0646\u062f\u0633 \u0645\u0639\u0645\u0627\u0631\u064a\" \/>\n<meta property=\"article:publisher\" content=\"https:\/\/www.facebook.com\/MellaouiSmailArchitecte\" \/>\n<meta property=\"article:author\" content=\"https:\/\/www.facebook.com\/MellaouiSmailArchitecte\" \/>\n<meta property=\"article:published_time\" content=\"2018-11-03T09:39:31+00:00\" \/>\n<meta property=\"article:modified_time\" content=\"2021-12-05T12:34:56+00:00\" \/>\n<meta property=\"og:image\" content=\"https:\/\/mellaouismail.com\/ar\/wp-content\/uploads\/2021\/12\/10352576_793747173992212_6663680495799410546_n.jpg\" \/>\n\t<meta property=\"og:image:width\" content=\"500\" \/>\n\t<meta property=\"og:image:height\" content=\"261\" \/>\n\t<meta property=\"og:image:type\" content=\"image\/jpeg\" \/>\n<meta name=\"author\" content=\"\u0645\u0644\u0627\u0651\u0648\u064a \u0625\u0633\u0645\u0627\u0639\u064a\u0644\" \/>\n<meta name=\"twitter:card\" content=\"summary_large_image\" \/>\n<meta name=\"twitter:creator\" content=\"@samli222\" \/>\n<meta name=\"twitter:site\" content=\"@samli222\" \/>\n<meta name=\"twitter:label1\" content=\"\u0643\u064f\u062a\u0628 \u0628\u0648\u0627\u0633\u0637\u0629\" \/>\n\t<meta name=\"twitter:data1\" content=\"\u0645\u0644\u0627\u0651\u0648\u064a \u0625\u0633\u0645\u0627\u0639\u064a\u0644\" \/>\n<script type=\"application\/ld+json\" class=\"yoast-schema-graph\">{\"@context\":\"https:\\\/\\\/schema.org\",\"@graph\":[{\"@type\":\"Article\",\"@id\":\"https:\\\/\\\/mellaouismail.com\\\/ar\\\/journee-scientifique-au-departement-darchitecture-de-batna\\\/#article\",\"isPartOf\":{\"@id\":\"https:\\\/\\\/mellaouismail.com\\\/ar\\\/journee-scientifique-au-departement-darchitecture-de-batna\\\/\"},\"author\":{\"name\":\"\u0645\u0644\u0627\u0651\u0648\u064a \u0625\u0633\u0645\u0627\u0639\u064a\u0644\",\"@id\":\"https:\\\/\\\/mellaouismail.com\\\/ar\\\/#\\\/schema\\\/person\\\/76fa7aa485d52960e87f263b83e95214\"},\"headline\":\"Journ\u00e9e scientifique au d\u00e9partement d&#8217;architecture de Batna\",\"datePublished\":\"2018-11-03T09:39:31+00:00\",\"dateModified\":\"2021-12-05T12:34:56+00:00\",\"mainEntityOfPage\":{\"@id\":\"https:\\\/\\\/mellaouismail.com\\\/ar\\\/journee-scientifique-au-departement-darchitecture-de-batna\\\/\"},\"wordCount\":65,\"commentCount\":0,\"publisher\":{\"@id\":\"https:\\\/\\\/mellaouismail.com\\\/ar\\\/#\\\/schema\\\/person\\\/76fa7aa485d52960e87f263b83e95214\"},\"image\":{\"@id\":\"https:\\\/\\\/mellaouismail.com\\\/ar\\\/journee-scientifique-au-departement-darchitecture-de-batna\\\/#primaryimage\"},\"thumbnailUrl\":\"https:\\\/\\\/mellaouismail.com\\\/ar\\\/wp-content\\\/uploads\\\/2021\\\/12\\\/10352576_793747173992212_6663680495799410546_n.jpg\",\"articleSection\":[\"\u0645\u062d\u0627\u0636\u0631\u0627\u062a\"],\"inLanguage\":\"ar\",\"potentialAction\":[{\"@type\":\"CommentAction\",\"name\":\"Comment\",\"target\":[\"https:\\\/\\\/mellaouismail.com\\\/ar\\\/journee-scientifique-au-departement-darchitecture-de-batna\\\/#respond\"]}]},{\"@type\":\"WebPage\",\"@id\":\"https:\\\/\\\/mellaouismail.com\\\/ar\\\/journee-scientifique-au-departement-darchitecture-de-batna\\\/\",\"url\":\"https:\\\/\\\/mellaouismail.com\\\/ar\\\/journee-scientifique-au-departement-darchitecture-de-batna\\\/\",\"name\":\"Journ\u00e9e scientifique au d\u00e9partement d'architecture de Batna - \u0645\u0644\u0627\u0651\u0648\u064a \u0625\u0633\u0645\u0627\u0639\u064a\u0644 \u0645\u0647\u0646\u062f\u0633 \u0645\u0639\u0645\u0627\u0631\u064a\",\"isPartOf\":{\"@id\":\"https:\\\/\\\/mellaouismail.com\\\/ar\\\/#website\"},\"primaryImageOfPage\":{\"@id\":\"https:\\\/\\\/mellaouismail.com\\\/ar\\\/journee-scientifique-au-departement-darchitecture-de-batna\\\/#primaryimage\"},\"image\":{\"@id\":\"https:\\\/\\\/mellaouismail.com\\\/ar\\\/journee-scientifique-au-departement-darchitecture-de-batna\\\/#primaryimage\"},\"thumbnailUrl\":\"https:\\\/\\\/mellaouismail.com\\\/ar\\\/wp-content\\\/uploads\\\/2021\\\/12\\\/10352576_793747173992212_6663680495799410546_n.jpg\",\"datePublished\":\"2018-11-03T09:39:31+00:00\",\"dateModified\":\"2021-12-05T12:34:56+00:00\",\"description\":\"Journ\u00e9e scientifique au d\u00e9partement d'architecture de Batna - Mellaoui Smail Architecte Alg\u00e9rien install\u00e9 \u00e0 Batna, Alg\u00e9rie. \u0152uvrant pour une architecture Alg\u00e9rienne Contemporaine et contextuelle.\",\"breadcrumb\":{\"@id\":\"https:\\\/\\\/mellaouismail.com\\\/ar\\\/journee-scientifique-au-departement-darchitecture-de-batna\\\/#breadcrumb\"},\"inLanguage\":\"ar\",\"potentialAction\":[{\"@type\":\"ReadAction\",\"target\":[\"https:\\\/\\\/mellaouismail.com\\\/ar\\\/journee-scientifique-au-departement-darchitecture-de-batna\\\/\"]}]},{\"@type\":\"ImageObject\",\"inLanguage\":\"ar\",\"@id\":\"https:\\\/\\\/mellaouismail.com\\\/ar\\\/journee-scientifique-au-departement-darchitecture-de-batna\\\/#primaryimage\",\"url\":\"https:\\\/\\\/mellaouismail.com\\\/ar\\\/wp-content\\\/uploads\\\/2021\\\/12\\\/10352576_793747173992212_6663680495799410546_n.jpg\",\"contentUrl\":\"https:\\\/\\\/mellaouismail.com\\\/ar\\\/wp-content\\\/uploads\\\/2021\\\/12\\\/10352576_793747173992212_6663680495799410546_n.jpg\",\"width\":500,\"height\":261},{\"@type\":\"BreadcrumbList\",\"@id\":\"https:\\\/\\\/mellaouismail.com\\\/ar\\\/journee-scientifique-au-departement-darchitecture-de-batna\\\/#breadcrumb\",\"itemListElement\":[{\"@type\":\"ListItem\",\"position\":1,\"name\":\"Accueil\",\"item\":\"https:\\\/\\\/mellaouismail.com\\\/ar\\\/\"},{\"@type\":\"ListItem\",\"position\":2,\"name\":\"\u0645\u062d\u0627\u0636\u0631\u0627\u062a\",\"item\":\"https:\\\/\\\/mellaouismail.com\\\/ar\\\/category\\\/conferences\\\/\"},{\"@type\":\"ListItem\",\"position\":3,\"name\":\"Journ\u00e9e scientifique au d\u00e9partement d&rsquo;architecture de Batna\"}]},{\"@type\":\"WebSite\",\"@id\":\"https:\\\/\\\/mellaouismail.com\\\/ar\\\/#website\",\"url\":\"https:\\\/\\\/mellaouismail.com\\\/ar\\\/\",\"name\":\"\u0645\u0644\u0627\u0651\u0648\u064a \u0625\u0633\u0645\u0627\u0639\u064a\u0644 \u0645\u0647\u0646\u062f\u0633 \u0645\u0639\u0645\u0627\u0631\u064a\",\"description\":\"\u0645\u0646 \u0623\u062c\u0644 \u0647\u0646\u062f\u0633\u0629 \u0645\u0639\u0645\u0627\u0631\u064a\u0629 \u062c\u0632\u0627\u0626\u0631\u064a\u0629 \u0645\u0639\u0627\u0635\u0631\u0629\",\"publisher\":{\"@id\":\"https:\\\/\\\/mellaouismail.com\\\/ar\\\/#\\\/schema\\\/person\\\/76fa7aa485d52960e87f263b83e95214\"},\"potentialAction\":[{\"@type\":\"SearchAction\",\"target\":{\"@type\":\"EntryPoint\",\"urlTemplate\":\"https:\\\/\\\/mellaouismail.com\\\/ar\\\/?s={search_term_string}\"},\"query-input\":{\"@type\":\"PropertyValueSpecification\",\"valueRequired\":true,\"valueName\":\"search_term_string\"}}],\"inLanguage\":\"ar\"},{\"@type\":[\"Person\",\"Organization\"],\"@id\":\"https:\\\/\\\/mellaouismail.com\\\/ar\\\/#\\\/schema\\\/person\\\/76fa7aa485d52960e87f263b83e95214\",\"name\":\"\u0645\u0644\u0627\u0651\u0648\u064a \u0625\u0633\u0645\u0627\u0639\u064a\u0644\",\"image\":{\"@type\":\"ImageObject\",\"inLanguage\":\"ar\",\"@id\":\"https:\\\/\\\/mellaouismail.com\\\/ar\\\/wp-content\\\/uploads\\\/2021\\\/12\\\/MELLAOUI-SMAIL-SIGNATURE-FR-n300.png\",\"url\":\"https:\\\/\\\/mellaouismail.com\\\/ar\\\/wp-content\\\/uploads\\\/2021\\\/12\\\/MELLAOUI-SMAIL-SIGNATURE-FR-n300.png\",\"contentUrl\":\"https:\\\/\\\/mellaouismail.com\\\/ar\\\/wp-content\\\/uploads\\\/2021\\\/12\\\/MELLAOUI-SMAIL-SIGNATURE-FR-n300.png\",\"width\":300,\"height\":134,\"caption\":\"\u0645\u0644\u0627\u0651\u0648\u064a \u0625\u0633\u0645\u0627\u0639\u064a\u0644\"},\"logo\":{\"@id\":\"https:\\\/\\\/mellaouismail.com\\\/ar\\\/wp-content\\\/uploads\\\/2021\\\/12\\\/MELLAOUI-SMAIL-SIGNATURE-FR-n300.png\"},\"description\":\"\u0645\u0647\u0646\u062f\u0633 \u0645\u0639\u0645\u0627\u0631\u064a\u060c \u0648\u0644\u062f \u0641\u064a \u0623\u0631\u064a\u0633 \u0648\u0644\u0627\u064a\u0629 \u0628\u0627\u062a\u0646\u0629 \u0641\u064a \u0627\u0644\u062c\u0632\u0627\u0626\u0631 \u0641\u064a 05 \u0623\u0648\u062a 1970\u060c \u0623\u0634\u062a\u063a\u0644 \u0644\u062d\u0633\u0627\u0628\u064a \u0627\u0644\u062e\u0627\u0635 \u0645\u0646\u0630 \u0633\u0646\u0629 1998\u060c \u0623\u0639\u0645\u0644 \u0645\u0646 \u0623\u062c\u0644 \u0639\u0645\u0627\u0631\u0629 \u062c\u0632\u0627\u0626\u0631\u064a\u0629 \u0645\u0639\u0627\u0635\u0631\u0629 \u0648\u0633\u064a\u0627\u0642\u064a\u0629. \u062d\u0627\u0626\u0632 \u0639\u0644\u0649 \u0627\u0644\u062c\u0627\u0626\u0632\u0629 \u0627\u0644\u0648\u0637\u0646\u064a\u0629 \u0644\u0644\u0647\u0646\u062f\u0633\u0629 \u0627\u0644\u0645\u0639\u0645\u0627\u0631\u064a\u0629 \u0648\u0627\u0644\u062a\u0639\u0645\u064a\u0631 \u0645\u0631\u062a\u064a\u0646\",\"sameAs\":[\"https:\\\/\\\/mellaouismail.com\\\/ar\",\"https:\\\/\\\/www.facebook.com\\\/MellaouiSmailArchitecte\",\"https:\\\/\\\/www.instagram.com\\\/mellaouismail\\\/?hl=fr\",\"https:\\\/\\\/www.linkedin.com\\\/in\\\/smail-mellaoui-15717041\\\/\",\"https:\\\/\\\/www.pinterest.ie\\\/mellaouis\\\/\",\"https:\\\/\\\/x.com\\\/samli222\",\"https:\\\/\\\/www.youtube.com\\\/c\\\/SmailMellaoui\"],\"url\":\"https:\\\/\\\/mellaouismail.com\\\/ar\\\/author\\\/samli\\\/\"}]}<\/script>\n<!-- \/ Yoast SEO plugin. -->","yoast_head_json":{"title":"Journ\u00e9e scientifique au d\u00e9partement d'architecture de Batna - \u0645\u0644\u0627\u0651\u0648\u064a \u0625\u0633\u0645\u0627\u0639\u064a\u0644 \u0645\u0647\u0646\u062f\u0633 \u0645\u0639\u0645\u0627\u0631\u064a","description":"Journ\u00e9e scientifique au d\u00e9partement d'architecture de Batna - Mellaoui Smail Architecte Alg\u00e9rien install\u00e9 \u00e0 Batna, Alg\u00e9rie. \u0152uvrant pour une architecture Alg\u00e9rienne Contemporaine et contextuelle.","robots":{"index":"index","follow":"follow","max-snippet":"max-snippet:-1","max-image-preview":"max-image-preview:large","max-video-preview":"max-video-preview:-1"},"canonical":"https:\/\/mellaouismail.com\/ar\/journee-scientifique-au-departement-darchitecture-de-batna\/","og_locale":"ar_AR","og_type":"article","og_title":"Journ\u00e9e scientifique au d\u00e9partement d'architecture de Batna - \u0645\u0644\u0627\u0651\u0648\u064a \u0625\u0633\u0645\u0627\u0639\u064a\u0644 \u0645\u0647\u0646\u062f\u0633 \u0645\u0639\u0645\u0627\u0631\u064a","og_description":"Journ\u00e9e scientifique au d\u00e9partement d'architecture de Batna - Mellaoui Smail Architecte Alg\u00e9rien install\u00e9 \u00e0 Batna, Alg\u00e9rie. \u0152uvrant pour une architecture Alg\u00e9rienne Contemporaine et contextuelle.","og_url":"https:\/\/mellaouismail.com\/ar\/journee-scientifique-au-departement-darchitecture-de-batna\/","og_site_name":"\u0645\u0644\u0627\u0651\u0648\u064a \u0625\u0633\u0645\u0627\u0639\u064a\u0644 \u0645\u0647\u0646\u062f\u0633 \u0645\u0639\u0645\u0627\u0631\u064a","article_publisher":"https:\/\/www.facebook.com\/MellaouiSmailArchitecte","article_author":"https:\/\/www.facebook.com\/MellaouiSmailArchitecte","article_published_time":"2018-11-03T09:39:31+00:00","article_modified_time":"2021-12-05T12:34:56+00:00","og_image":[{"width":500,"height":261,"url":"https:\/\/mellaouismail.com\/ar\/wp-content\/uploads\/2021\/12\/10352576_793747173992212_6663680495799410546_n.jpg","type":"image\/jpeg"}],"author":"\u0645\u0644\u0627\u0651\u0648\u064a \u0625\u0633\u0645\u0627\u0639\u064a\u0644","twitter_card":"summary_large_image","twitter_creator":"@samli222","twitter_site":"@samli222","twitter_misc":{"\u0643\u064f\u062a\u0628 \u0628\u0648\u0627\u0633\u0637\u0629":"\u0645\u0644\u0627\u0651\u0648\u064a \u0625\u0633\u0645\u0627\u0639\u064a\u0644"},"schema":{"@context":"https:\/\/schema.org","@graph":[{"@type":"Article","@id":"https:\/\/mellaouismail.com\/ar\/journee-scientifique-au-departement-darchitecture-de-batna\/#article","isPartOf":{"@id":"https:\/\/mellaouismail.com\/ar\/journee-scientifique-au-departement-darchitecture-de-batna\/"},"author":{"name":"\u0645\u0644\u0627\u0651\u0648\u064a \u0625\u0633\u0645\u0627\u0639\u064a\u0644","@id":"https:\/\/mellaouismail.com\/ar\/#\/schema\/person\/76fa7aa485d52960e87f263b83e95214"},"headline":"Journ\u00e9e scientifique au d\u00e9partement d&#8217;architecture de Batna","datePublished":"2018-11-03T09:39:31+00:00","dateModified":"2021-12-05T12:34:56+00:00","mainEntityOfPage":{"@id":"https:\/\/mellaouismail.com\/ar\/journee-scientifique-au-departement-darchitecture-de-batna\/"},"wordCount":65,"commentCount":0,"publisher":{"@id":"https:\/\/mellaouismail.com\/ar\/#\/schema\/person\/76fa7aa485d52960e87f263b83e95214"},"image":{"@id":"https:\/\/mellaouismail.com\/ar\/journee-scientifique-au-departement-darchitecture-de-batna\/#primaryimage"},"thumbnailUrl":"https:\/\/mellaouismail.com\/ar\/wp-content\/uploads\/2021\/12\/10352576_793747173992212_6663680495799410546_n.jpg","articleSection":["\u0645\u062d\u0627\u0636\u0631\u0627\u062a"],"inLanguage":"ar","potentialAction":[{"@type":"CommentAction","name":"Comment","target":["https:\/\/mellaouismail.com\/ar\/journee-scientifique-au-departement-darchitecture-de-batna\/#respond"]}]},{"@type":"WebPage","@id":"https:\/\/mellaouismail.com\/ar\/journee-scientifique-au-departement-darchitecture-de-batna\/","url":"https:\/\/mellaouismail.com\/ar\/journee-scientifique-au-departement-darchitecture-de-batna\/","name":"Journ\u00e9e scientifique au d\u00e9partement d'architecture de Batna - \u0645\u0644\u0627\u0651\u0648\u064a \u0625\u0633\u0645\u0627\u0639\u064a\u0644 \u0645\u0647\u0646\u062f\u0633 \u0645\u0639\u0645\u0627\u0631\u064a","isPartOf":{"@id":"https:\/\/mellaouismail.com\/ar\/#website"},"primaryImageOfPage":{"@id":"https:\/\/mellaouismail.com\/ar\/journee-scientifique-au-departement-darchitecture-de-batna\/#primaryimage"},"image":{"@id":"https:\/\/mellaouismail.com\/ar\/journee-scientifique-au-departement-darchitecture-de-batna\/#primaryimage"},"thumbnailUrl":"https:\/\/mellaouismail.com\/ar\/wp-content\/uploads\/2021\/12\/10352576_793747173992212_6663680495799410546_n.jpg","datePublished":"2018-11-03T09:39:31+00:00","dateModified":"2021-12-05T12:34:56+00:00","description":"Journ\u00e9e scientifique au d\u00e9partement d'architecture de Batna - Mellaoui Smail Architecte Alg\u00e9rien install\u00e9 \u00e0 Batna, Alg\u00e9rie. \u0152uvrant pour une architecture Alg\u00e9rienne Contemporaine et contextuelle.","breadcrumb":{"@id":"https:\/\/mellaouismail.com\/ar\/journee-scientifique-au-departement-darchitecture-de-batna\/#breadcrumb"},"inLanguage":"ar","potentialAction":[{"@type":"ReadAction","target":["https:\/\/mellaouismail.com\/ar\/journee-scientifique-au-departement-darchitecture-de-batna\/"]}]},{"@type":"ImageObject","inLanguage":"ar","@id":"https:\/\/mellaouismail.com\/ar\/journee-scientifique-au-departement-darchitecture-de-batna\/#primaryimage","url":"https:\/\/mellaouismail.com\/ar\/wp-content\/uploads\/2021\/12\/10352576_793747173992212_6663680495799410546_n.jpg","contentUrl":"https:\/\/mellaouismail.com\/ar\/wp-content\/uploads\/2021\/12\/10352576_793747173992212_6663680495799410546_n.jpg","width":500,"height":261},{"@type":"BreadcrumbList","@id":"https:\/\/mellaouismail.com\/ar\/journee-scientifique-au-departement-darchitecture-de-batna\/#breadcrumb","itemListElement":[{"@type":"ListItem","position":1,"name":"Accueil","item":"https:\/\/mellaouismail.com\/ar\/"},{"@type":"ListItem","position":2,"name":"\u0645\u062d\u0627\u0636\u0631\u0627\u062a","item":"https:\/\/mellaouismail.com\/ar\/category\/conferences\/"},{"@type":"ListItem","position":3,"name":"Journ\u00e9e scientifique au d\u00e9partement d&rsquo;architecture de Batna"}]},{"@type":"WebSite","@id":"https:\/\/mellaouismail.com\/ar\/#website","url":"https:\/\/mellaouismail.com\/ar\/","name":"\u0645\u0644\u0627\u0651\u0648\u064a \u0625\u0633\u0645\u0627\u0639\u064a\u0644 \u0645\u0647\u0646\u062f\u0633 \u0645\u0639\u0645\u0627\u0631\u064a","description":"\u0645\u0646 \u0623\u062c\u0644 \u0647\u0646\u062f\u0633\u0629 \u0645\u0639\u0645\u0627\u0631\u064a\u0629 \u062c\u0632\u0627\u0626\u0631\u064a\u0629 \u0645\u0639\u0627\u0635\u0631\u0629","publisher":{"@id":"https:\/\/mellaouismail.com\/ar\/#\/schema\/person\/76fa7aa485d52960e87f263b83e95214"},"potentialAction":[{"@type":"SearchAction","target":{"@type":"EntryPoint","urlTemplate":"https:\/\/mellaouismail.com\/ar\/?s={search_term_string}"},"query-input":{"@type":"PropertyValueSpecification","valueRequired":true,"valueName":"search_term_string"}}],"inLanguage":"ar"},{"@type":["Person","Organization"],"@id":"https:\/\/mellaouismail.com\/ar\/#\/schema\/person\/76fa7aa485d52960e87f263b83e95214","name":"\u0645\u0644\u0627\u0651\u0648\u064a \u0625\u0633\u0645\u0627\u0639\u064a\u0644","image":{"@type":"ImageObject","inLanguage":"ar","@id":"https:\/\/mellaouismail.com\/ar\/wp-content\/uploads\/2021\/12\/MELLAOUI-SMAIL-SIGNATURE-FR-n300.png","url":"https:\/\/mellaouismail.com\/ar\/wp-content\/uploads\/2021\/12\/MELLAOUI-SMAIL-SIGNATURE-FR-n300.png","contentUrl":"https:\/\/mellaouismail.com\/ar\/wp-content\/uploads\/2021\/12\/MELLAOUI-SMAIL-SIGNATURE-FR-n300.png","width":300,"height":134,"caption":"\u0645\u0644\u0627\u0651\u0648\u064a \u0625\u0633\u0645\u0627\u0639\u064a\u0644"},"logo":{"@id":"https:\/\/mellaouismail.com\/ar\/wp-content\/uploads\/2021\/12\/MELLAOUI-SMAIL-SIGNATURE-FR-n300.png"},"description":"\u0645\u0647\u0646\u062f\u0633 \u0645\u0639\u0645\u0627\u0631\u064a\u060c \u0648\u0644\u062f \u0641\u064a \u0623\u0631\u064a\u0633 \u0648\u0644\u0627\u064a\u0629 \u0628\u0627\u062a\u0646\u0629 \u0641\u064a \u0627\u0644\u062c\u0632\u0627\u0626\u0631 \u0641\u064a 05 \u0623\u0648\u062a 1970\u060c \u0623\u0634\u062a\u063a\u0644 \u0644\u062d\u0633\u0627\u0628\u064a \u0627\u0644\u062e\u0627\u0635 \u0645\u0646\u0630 \u0633\u0646\u0629 1998\u060c \u0623\u0639\u0645\u0644 \u0645\u0646 \u0623\u062c\u0644 \u0639\u0645\u0627\u0631\u0629 \u062c\u0632\u0627\u0626\u0631\u064a\u0629 \u0645\u0639\u0627\u0635\u0631\u0629 \u0648\u0633\u064a\u0627\u0642\u064a\u0629. \u062d\u0627\u0626\u0632 \u0639\u0644\u0649 \u0627\u0644\u062c\u0627\u0626\u0632\u0629 \u0627\u0644\u0648\u0637\u0646\u064a\u0629 \u0644\u0644\u0647\u0646\u062f\u0633\u0629 \u0627\u0644\u0645\u0639\u0645\u0627\u0631\u064a\u0629 \u0648\u0627\u0644\u062a\u0639\u0645\u064a\u0631 \u0645\u0631\u062a\u064a\u0646","sameAs":["https:\/\/mellaouismail.com\/ar","https:\/\/www.facebook.com\/MellaouiSmailArchitecte","https:\/\/www.instagram.com\/mellaouismail\/?hl=fr","https:\/\/www.linkedin.com\/in\/smail-mellaoui-15717041\/","https:\/\/www.pinterest.ie\/mellaouis\/","https:\/\/x.com\/samli222","https:\/\/www.youtube.com\/c\/SmailMellaoui"],"url":"https:\/\/mellaouismail.com\/ar\/author\/samli\/"}]}},"_links":{"self":[{"href":"https:\/\/mellaouismail.com\/ar\/wp-json\/wp\/v2\/posts\/3463","targetHints":{"allow":["GET"]}}],"collection":[{"href":"https:\/\/mellaouismail.com\/ar\/wp-json\/wp\/v2\/posts"}],"about":[{"href":"https:\/\/mellaouismail.com\/ar\/wp-json\/wp\/v2\/types\/post"}],"author":[{"embeddable":true,"href":"https:\/\/mellaouismail.com\/ar\/wp-json\/wp\/v2\/users\/1"}],"replies":[{"embeddable":true,"href":"https:\/\/mellaouismail.com\/ar\/wp-json\/wp\/v2\/comments?post=3463"}],"version-history":[{"count":0,"href":"https:\/\/mellaouismail.com\/ar\/wp-json\/wp\/v2\/posts\/3463\/revisions"}],"wp:featuredmedia":[{"embeddable":true,"href":"https:\/\/mellaouismail.com\/ar\/wp-json\/wp\/v2\/media\/3464"}],"wp:attachment":[{"href":"https:\/\/mellaouismail.com\/ar\/wp-json\/wp\/v2\/media?parent=3463"}],"wp:term":[{"taxonomy":"category","embeddable":true,"href":"https:\/\/mellaouismail.com\/ar\/wp-json\/wp\/v2\/categories?post=3463"},{"taxonomy":"post_tag","embeddable":true,"href":"https:\/\/mellaouismail.com\/ar\/wp-json\/wp\/v2\/tags?post=3463"}],"curies":[{"name":"wp","href":"https:\/\/api.w.org\/{rel}","templated":true}]}}